{"id":9171,"date":"2025-10-14T00:00:57","date_gmt":"2025-10-13T22:00:57","guid":{"rendered":"https:\/\/moto-center.ch\/bern\/2025\/10\/25-rabatt-auf-bmw-systemhelm-7-evo\/"},"modified":"2026-04-28T09:10:42","modified_gmt":"2026-04-28T07:10:42","slug":"25-rabatt-auf-bmw-systemhelm-7-evo","status":"publish","type":"post","link":"https:\/\/moto-center.ch\/bern\/2025\/10\/25-rabatt-auf-bmw-systemhelm-7-evo\/","title":{"rendered":"25% Rabatt auf BMW Systemhelm 7 Evo"},"content":{"rendered":"<p>\n\t<section style=\" background-image:url(https:\/\/moto-center.ch\/bern\/wp-content\/uploads\/sites\/3\/2025\/10\/BMW_Systemhelm_7_Evo_1920x1080px-1600x900.png) !important; padding-top:300px;  padding-bottom:300px; \" class=\"fw-main-row  bg_positioned container-fluid autogen\">\n\t\t<div>\n\t\t  \t\t<\/div>\n\t\t\t<\/section>\n\n\n\t<section style=\" padding-top:15px;  padding-bottom:15px; \" class=\"fw-main-row bg-bg_body container-fluid autogen\">\n\t\t<div class=\" container\">\n\t\t  <div class=\"fw-row\">\n\t\n<div class=\"col-xs-12 col-sm-9 col-md-9 txt-autogen\">\n\t\t\t<div class=\"fw-heading fw-heading-h1\">\n\t\t<h1 class='inner bg_gray_lighter txt_gray_darker'>25% Rabatt auf BMW Systemhelm 7 <\/h1>\t<\/div><div class=\" txt-autogen no_bg\"><p>Der Helm System 7 Evo bietet ein Maximum an Komfort und Sicherheit. Durch die Vollcarbon-Helmschale ist er besonders leicht bei besten Schlag d\u00e4mpfungswerten. Dank der Viergelenkmechanik ist er auch im aufgeklappten Zustand sehr kompakt. Durch zwei Tasten kann ohne Werkzeug das Kinnteil abgenommen werden der Helm wird so zu einem vollwertigen Jethelm. Und mit der stufenlos einstellbaren Sonnenblende kann man sich blitzschnell den Lichtverh\u00e4ltnissen anpassen. F\u00fcr einen k\u00fchlen Kopf sorgt die extrem gute Bel\u00fcftung und f\u00fcr beste Sicht die serienm\u00e4\u00dfige Doppelscheibe. In Sachen Aerodynamik und Aeroakustik geh\u00f6rt der Helm zu den Besten auf dem Markt.<\/p><p>Profitiere von folgenden <strong>Aktionspreisen<\/strong>:<\/p><ul><li>System 7 Evo Black <span style=\"color: #000000; opacity: 0.01;\">aaaaaa <\/span> <strong>CHF 570.00<\/strong> statt 760.\u2013<\/li><li>System 7 Evo Ratchet <span style=\"color: #000000; opacity: 0.01;\">aaaa <\/span> <strong>CHF 622.50<\/strong>\u00a0statt 830.\u2013<\/li><li>System 7 Evo Prime <span style=\"color: #000000; opacity: 0.01;\">aaaaaa<\/span><strong>CHF 622.50<\/strong>\u00a0statt 830.\u2013<\/li><li>System 7 Evo Silver <span style=\"color: #000000; opacity: 0.01;\">aaaaiia <\/span> <strong>CHF <\/strong><strong>562.50<\/strong>\u00a0statt 750.\u2013<\/li><li>System 7 Evo Spectrum <span style=\"color: #000000; opacity: 0.01;\">aiia<\/span><strong>CHF 622.50<\/strong>\u00a0statt 830.\u2013<\/li><li>System 7 Evo Moto\u00a0 <span style=\"color: #000000; opacity: 0.01;\">aaaiaii\u00a0<\/span> <strong>CHF 618.75<\/strong>\u00a0statt 825.\u2013<\/li><\/ul><p> <a class=\"\" role=\"button\" data-toggle=\"collapse\" href=\"#view_more_expand\" aria-expanded=\"false\" aria-controls=\"view_more_expand\"><strong> weiterlesen... <\/strong><\/a> <div class=\"collapse\" id=\"view_more_expand\"><\/p><h3>Produktdetails<\/h3><ul><li>Klapphelm mit Viergelenkmechanik<\/li><li>Vollcarbon-Helmschale (zwei Gr\u00f6\u00dfen) mit bester Schlagd\u00e4mpfung und niedrigem Gewicht bei optimaler Steifigkeit<\/li><li>Innenschale aus mehrfach segmentiertem, expandiertem Polystyrol<\/li><li>Doppelscheibenvisier: beschlaghemmende Innenscheibe, Au\u00dfenscheibe beidseitig kratzfest beschichtet<\/li><li>Effektive Bel\u00fcftung f\u00fcr Kopf und Visier<\/li><li>Sehr gute Aerodynamik und Aeroakustik<\/li><li>Integrierte Sonnenblende, per Schieber bedienbar<\/li><li>Gro\u00dfer, sehr effektiver Spoiler<\/li><li>\u00d6ffnen des Kinnteils \u00fcber zentrale Taste<\/li><li>Kinnriemen mit Raststeckschloss, integrierte Nackenb\u00e4nder f\u00fcr sicheren Sitz<\/li><li>Herausnehm- und waschbare Innenausstattung aus Alcantara und DuPont Coolmax<\/li><li>Schneller und einfacher Umbau zum Jethelm<\/li><li>Vorbereitet f\u00fcr BMW Motorrad Kommunikationssystem<\/li><li>Pr\u00fcfung: ECE 22-05<\/li><li>Niedriges Gewicht: ca. 1.580 Gramm (kleine Helmschale)<\/li><li>Get\u00f6ntes, silber verspiegeltes, blau verspiegeltes oder oranges Visier optional erh\u00e4ltlich<\/li><\/ul><\/div><\/div><div class=\"col-xs-12 col-sm-4 col-md-4\">\n\t<div class=\"img_effects\">\n\t<figure class=\"\" style=\"cursor:default;\">\n\t\t<img decoding=\"async\" class=\"img-responsive\" src=\"https:\/\/moto-center.ch\/bern\/wp-content\/uploads\/sites\/3\/2025\/10\/BMW_Systemhelm_7_Evo_Black-1200x1200.jpg\">\n\t\t\t\t\t<figcaption class=\"text-center\">\n\t\t\t\t<h3 class=\"\">Black<\/h3>\t\t\t\t\t\t\t\t\t\t\t<\/figcaption>\n\t\t\t<\/figure>\n<\/div><\/div>\n<div class=\"col-xs-12 col-sm-4 col-md-4\">\n\t<div class=\"img_effects\">\n\t<figure class=\"\" style=\"cursor:default;\">\n\t\t<img decoding=\"async\" class=\"img-responsive\" src=\"https:\/\/moto-center.ch\/bern\/wp-content\/uploads\/sites\/3\/2025\/10\/BMW_Systemhelm_7_Evo_Spectrum-1200x1200.jpg\">\n\t\t\t\t\t<figcaption class=\"text-center\">\n\t\t\t\t<h3 class=\"\">Spectrum<\/h3>\t\t\t\t\t\t\t\t\t\t\t<\/figcaption>\n\t\t\t<\/figure>\n<\/div><\/div>\n<div class=\"col-xs-12 col-sm-4 col-md-4\">\n\t<div class=\"img_effects\">\n\t<figure class=\"\" style=\"cursor:default;\">\n\t\t<img decoding=\"async\" class=\"img-responsive\" src=\"https:\/\/moto-center.ch\/bern\/wp-content\/uploads\/sites\/3\/2025\/10\/BMW_Systemhelm_7_Evo_Prime-1200x1200.jpg\">\n\t\t\t\t\t<figcaption class=\"text-center\">\n\t\t\t\t<h3 class=\"\">Prime<\/h3>\t\t\t\t\t\t\t\t\t\t\t<\/figcaption>\n\t\t\t<\/figure>\n<\/div><\/div>\n\n  \t  <div class=\"fw-divider-space\" style=\"padding-top: 5px;\"><\/div>\n\t<div class=\"col-xs-12 col-sm-4 col-md-4\">\n\t<div class=\"img_effects\">\n\t<figure class=\"\" style=\"cursor:default;\">\n\t\t<img decoding=\"async\" class=\"img-responsive\" src=\"https:\/\/moto-center.ch\/bern\/wp-content\/uploads\/sites\/3\/2025\/10\/BMW_Systemhelm_7_Evo_Silber-1200x1200.jpg\">\n\t\t\t\t\t<figcaption class=\"text-center\">\n\t\t\t\t<h3 class=\"\">Silber<\/h3>\t\t\t\t\t\t\t\t\t\t\t<\/figcaption>\n\t\t\t<\/figure>\n<\/div><\/div>\n<div class=\"col-xs-12 col-sm-4 col-md-4\">\n\t<div class=\"img_effects\">\n\t<figure class=\"\" style=\"cursor:default;\">\n\t\t<img decoding=\"async\" class=\"img-responsive\" src=\"https:\/\/moto-center.ch\/bern\/wp-content\/uploads\/sites\/3\/2025\/10\/BMW_Systemhelm_7_Evo_Moto-1200x1200.jpg\">\n\t\t\t\t\t<figcaption class=\"text-center\">\n\t\t\t\t<h3 class=\"\">Moto<\/h3>\t\t\t\t\t\t\t\t\t\t\t<\/figcaption>\n\t\t\t<\/figure>\n<\/div><\/div>\n<div class=\"col-xs-12 col-sm-4 col-md-4\">\n\t<div class=\"img_effects\">\n\t<figure class=\"\" style=\"cursor:default;\">\n\t\t<img decoding=\"async\" class=\"img-responsive\" src=\"https:\/\/moto-center.ch\/bern\/wp-content\/uploads\/sites\/3\/2025\/10\/BMW_Systemhelm_7_Evo_Ratchet-1200x1200.jpg\">\n\t\t\t\t\t<figcaption class=\"text-center\">\n\t\t\t\t<h3 class=\"\">Ratchet<\/h3>\t\t\t\t\t\t\t\t\t\t\t<\/figcaption>\n\t\t\t<\/figure>\n<\/div><\/div>\n\n  \t  <div class=\"fw-divider-space\" style=\"padding-top: 25px;\"><\/div>\n\t<div class=\" txt-autogen no_bg\"><p>Aktion g\u00fcltig solange Vorrat oder bis auf Widerruf. \u00c4nderungen und Irrt\u00fcmer jederzeit vorbehalten. Nicht kumulierbar mit anderen Aktionen und Rabatten.<\/p><\/div>\t\t<\/div>\n\n<div class=\"col-xs-12 col-sm-3 col-md-3 txt-autogen\">\n\t\t\t<div class=\"shortcode-widget-area\">\n\t\t<aside id=\"recent-posts-3\" class=\"widget widget_recent_entries wrapper-4 inner bg-inner wrapper-4 bg-lighter\">\n\t\t<h4 class=\"widget-title\">Neueste Beitr\u00e4ge<\/h4>\n\t\t<ul>\n\t\t\t\t\t\t\t\t\t\t\t<li>\n\t\t\t\t\t<a href=\"https:\/\/moto-center.ch\/bern\/2026\/03\/moto-news-2026-ist-da\/\">Moto-News 2026 ist da<\/a>\n\t\t\t\t\t\t\t\t\t<\/li>\n\t\t\t\t\t\t\t\t\t\t\t<li>\n\t\t\t\t\t<a href=\"https:\/\/moto-center.ch\/bern\/2026\/02\/alpinestars-techair-offroad-airbag-jetzt-verfuegbar\/\">Alpinestars TechAir Offroad Airbag jetzt verf\u00fcgbar<\/a>\n\t\t\t\t\t\t\t\t\t<\/li>\n\t\t\t\t\t\t\t\t\t\t\t<li>\n\t\t\t\t\t<a href=\"https:\/\/moto-center.ch\/bern\/2026\/02\/neu-kaffee-und-tee-bar-in-bern-mit-gemuetlicher-sitzecke-neu-geschenkartikel-boutique-denise\/\">Neu Geschenkartikel Boutique Denise<\/a>\n\t\t\t\t\t\t\t\t\t<\/li>\n\t\t\t\t\t\t\t\t\t\t\t<li>\n\t\t\t\t\t<a href=\"https:\/\/moto-center.ch\/bern\/2025\/11\/alpinestars-tech-air-mx-airbag-system\/\">Alpinestars Tech-Air MX-Airbag System<\/a>\n\t\t\t\t\t\t\t\t\t<\/li>\n\t\t\t\t\t\t\t\t\t\t\t<li>\n\t\t\t\t\t<a href=\"https:\/\/moto-center.ch\/bern\/2025\/10\/25-rabatt-auf-bmw-systemhelm-7-evo\/\">25% Rabatt auf BMW Systemhelm 7 Evo<\/a>\n\t\t\t\t\t\t\t\t\t<\/li>\n\t\t\t\t\t\t\t\t\t\t\t<li>\n\t\t\t\t\t<a href=\"https:\/\/moto-center.ch\/bern\/2025\/05\/furygan-urban-collection\/\">Furygan Urban Collection<\/a>\n\t\t\t\t\t\t\t\t\t<\/li>\n\t\t\t\t\t\t\t\t\t\t\t<li>\n\t\t\t\t\t<a href=\"https:\/\/moto-center.ch\/bern\/2025\/05\/die-geilste-funktionsbekleidung-im-2025\/\">Die geilste Funktionsbekleidung im 2025!<\/a>\n\t\t\t\t\t\t\t\t\t<\/li>\n\t\t\t\t\t\t\t\t\t\t\t<li>\n\t\t\t\t\t<a href=\"https:\/\/moto-center.ch\/bern\/2025\/05\/modische-retro-jacke-und-jeans-fuer-den-alltag\/\">Modische Retro-Jacke und Jeans f\u00fcr den Alltag<\/a>\n\t\t\t\t\t\t\t\t\t<\/li>\n\t\t\t\t\t\t\t\t\t\t\t<li>\n\t\t\t\t\t<a href=\"https:\/\/moto-center.ch\/bern\/2025\/04\/aio-5-play-fuer-deine-bmw-car-play-jetzt-fuer-deine-bmw\/\">AIO-5 Play f\u00fcr deine BMW &#8211; Car Play jetzt f\u00fcr deine BMW<\/a>\n\t\t\t\t\t\t\t\t\t<\/li>\n\t\t\t\t\t\t\t\t\t\t\t<li>\n\t\t\t\t\t<a href=\"https:\/\/moto-center.ch\/bern\/2025\/01\/verkaeuferin\/\">Verk\u00e4uferin 60-80%<\/a>\n\t\t\t\t\t\t\t\t\t<\/li>\n\t\t\t\t\t<\/ul>\n\n\t\t<\/aside><aside id=\"tag_cloud-2\" class=\"widget widget_tag_cloud wrapper-4 inner bg-inner wrapper-4 bg-lighter\"><h4 class=\"widget-title\">Kategorien<\/h4><div class=\"tagcloud\"><a href=\"https:\/\/moto-center.ch\/bern\/category\/jobs\/\" class=\"tag-cloud-link tag-link-9 tag-link-position-1\" style=\"font-size: 8pt;\" aria-label=\"Jobs (1\u00a0Eintrag)\">Jobs<\/a>\n<a href=\"https:\/\/moto-center.ch\/bern\/category\/moto-center-bern\/\" class=\"tag-cloud-link tag-link-11 tag-link-position-2\" style=\"font-size: 22pt;\" aria-label=\"Moto-Center Bern (19\u00a0Eintr\u00e4ge)\">Moto-Center Bern<\/a>\n<a href=\"https:\/\/moto-center.ch\/bern\/category\/news\/\" class=\"tag-cloud-link tag-link-61 tag-link-position-3\" style=\"font-size: 22pt;\" aria-label=\"News (19\u00a0Eintr\u00e4ge)\">News<\/a><\/div>\n<\/aside><aside id=\"search-3\" class=\"widget widget_search wrapper-4 inner bg-inner wrapper-4 bg-lighter\"><h4 class=\"widget-title\">Suche<\/h4><form class=\"form-inline\" action=\"https:\/\/moto-center.ch\/bern\/\">\n  <div class=\"form-group\">\n    <label class=\"sr-only\" for=\"search\">Search<\/label>\n    <div class=\"input-group\">\n      <input type=\"text\" class=\"form-control\" name=\"s\" placeholder=\"...\" id=\"search\" value=\"\" \/>\n      \n      <div class=\"input-group-addon\"><i class=\"fa-solid fa-magnifying-glass\"><\/i><\/div>\n    <\/div>\n  <\/div>\n<\/form><\/aside><\/div>\n\t\t<\/div>\n<\/div>\n\n\t\t<\/div>\n\t\t\t<\/section>\n\n<\/p>\n","protected":false},"excerpt":{"rendered":"<p>Die neuste Technologie kombiniert mit toller Aerodynamik und Design. Das ist der BMW Systemhelm 7 Evo. Spare jetzt 25%. Nur solange Vorrat.<\/p>\n","protected":false},"author":3,"featured_media":9172,"comment_status":"closed","ping_status":"closed","sticky":false,"template":"","format":"standard","meta":{"footnotes":""},"categories":[61],"tags":[],"class_list":["post-9171","post","type-post","status-publish","format-standard","has-post-thumbnail","hentry","category-news"],"_links":{"self":[{"href":"https:\/\/moto-center.ch\/bern\/wp-json\/wp\/v2\/posts\/9171","targetHints":{"allow":["GET"]}}],"collection":[{"href":"https:\/\/moto-center.ch\/bern\/wp-json\/wp\/v2\/posts"}],"about":[{"href":"https:\/\/moto-center.ch\/bern\/wp-json\/wp\/v2\/types\/post"}],"author":[{"embeddable":true,"href":"https:\/\/moto-center.ch\/bern\/wp-json\/wp\/v2\/users\/3"}],"replies":[{"embeddable":true,"href":"https:\/\/moto-center.ch\/bern\/wp-json\/wp\/v2\/comments?post=9171"}],"version-history":[{"count":3,"href":"https:\/\/moto-center.ch\/bern\/wp-json\/wp\/v2\/posts\/9171\/revisions"}],"predecessor-version":[{"id":9386,"href":"https:\/\/moto-center.ch\/bern\/wp-json\/wp\/v2\/posts\/9171\/revisions\/9386"}],"wp:featuredmedia":[{"embeddable":true,"href":"https:\/\/moto-center.ch\/bern\/wp-json\/wp\/v2\/media\/9172"}],"wp:attachment":[{"href":"https:\/\/moto-center.ch\/bern\/wp-json\/wp\/v2\/media?parent=9171"}],"wp:term":[{"taxonomy":"category","embeddable":true,"href":"https:\/\/moto-center.ch\/bern\/wp-json\/wp\/v2\/categories?post=9171"},{"taxonomy":"post_tag","embeddable":true,"href":"https:\/\/moto-center.ch\/bern\/wp-json\/wp\/v2\/tags?post=9171"}],"curies":[{"name":"wp","href":"https:\/\/api.w.org\/{rel}","templated":true}]}}