{"id":8963,"date":"2025-05-05T00:00:54","date_gmt":"2025-05-04T22:00:54","guid":{"rendered":"https:\/\/moto-center.ch\/bern\/2025\/05\/modische-retro-jacke-und-jeans-fuer-den-alltag\/"},"modified":"2025-05-19T15:15:16","modified_gmt":"2025-05-19T13:15:16","slug":"modische-retro-jacke-und-jeans-fuer-den-alltag","status":"publish","type":"post","link":"https:\/\/moto-center.ch\/bern\/2025\/05\/modische-retro-jacke-und-jeans-fuer-den-alltag\/","title":{"rendered":"Modische Retro-Jacke und Jeans f\u00fcr den Alltag"},"content":{"rendered":"<p>\n\t<section style=\" background-image:url(https:\/\/moto-center.ch\/bern\/wp-content\/uploads\/sites\/3\/2025\/05\/Held_Baker_2_2025_Web_01-1600x1066.jpg) !important; padding-top:500px;  padding-bottom:15px; \" class=\"fw-main-row  bg_positioned bg_fixed container-fluid autogen\">\n\t\t<div>\n\t\t  \t\t<\/div>\n\t\t\t<\/section>\n\n\n\t<section style=\" padding-top:15px;  padding-bottom:0px; \" class=\"fw-main-row bg-lighter container-fluid autogen\">\n\t\t<div class=\" container\">\n\t\t  <div class=\"fw-row\">\n\t\n<div class=\"col-xs-12 txt-autogen\">\n\t\t\t<div class=\"fw-heading fw-heading-h1\">\n\t\t<h1 class='no'>Modische Retro-Jacke und Jeans f\u00fcr den Alltag<\/h1>\t<\/div><div class=\" txt-autogen no_bg\"><p>Die <strong>Held Baker 2<\/strong> Lederjacke ist mehr als nur ein modisches Statement \u2013 sie ist ein zuverl\u00e4ssiger Begleiter f\u00fcr jeden urbanen Motorradfahrer. Gefertigt aus hochwertigem Soft-Rindleder in markanter \"used\" Optik, vereint sie zeitloses Design mit modernster Schutztechnologie.<\/p><p><strong>Highlights:<\/strong><\/p><ul><li><strong>Maximaler Schutz:<\/strong> Ausgestattet mit D3O\u00ae Ghost Protektoren an Schultern und Ellbogen (Level 2, EN 1621-1:2012) bietet die Jacke hervorragenden Aufprallschutz. Ein R\u00fcckenprotektor (EN 1621-2:2014) kann optional nachger\u00fcstet werden.<\/li><li><strong>Komfortable Ausstattung:<\/strong> Mit vier Au\u00dfentaschen, zwei Innentaschen und einem Frontrei\u00dfverschluss, der auch als Air-Vent (ACS) dient, ist die Jacke sowohl praktisch als auch atmungsaktiv.<\/li><li><strong>Anpassungsf\u00e4hig:<\/strong> Die H\u00fcftweitenverstellung und der magnetische Kragenverschluss sorgen f\u00fcr eine individuelle Passform und hohen Tragekomfort.<\/li><li><strong>eVest-Kompatibilit\u00e4t:<\/strong> Bereit f\u00fcr die Integration von eVest &amp; eVest PRO Systemen f\u00fcr zus\u00e4tzlichen Schutz.<\/li><li><strong>F\u00fcr wenig Geld:<\/strong> Die Baker 2 kostet nur CHF 448.\u2013.<\/li><\/ul><p><strong>Technische Details:<\/strong><\/p><ul><li><strong>Material: <\/strong>Soft-Rindleder mit einer St\u00e4rke von 1,0\u20131,2 mm.<\/li><li><strong>Futter:<\/strong> 100% Polyester.<\/li><li><strong>Zertifizierungen:<\/strong> EN 17092:2020 f\u00fcr Motorradschutzbekleidung.<\/li><li><strong>Farben:<\/strong> Erh\u00e4ltlich in klassischem Schwarz und einer trendigen Kombination aus Blau, Beige und Burgund.<\/li><li><strong>Gr\u00f6\u00dfen:<\/strong> Verf\u00fcgbar in den Gr\u00f6\u00dfen 48 bis 64.<\/li><\/ul><p>Ob auf dem Motorrad oder in der Freizeit \u2013 die <strong>Held Baker 2<\/strong> Lederjacke bietet dir den perfekten Mix aus Sicherheit, Funktionalit\u00e4t und Stil.<\/p><\/div><div class=\"col-xs-12 col-sm-6 col-md-6\">\n\t<div class=\"img_effects\">\n\t<figure class=\" overlay-hover\" style=\"cursor:default;--moto-overlay-var: url(https:\/\/moto-center.ch\/bern\/wp-content\/uploads\/sites\/3\/2025\/05\/Held_Baker_2_052521-00-001-02-1200x1200.jpg);\">\n\t\t<img decoding=\"async\" class=\"img-responsive\" src=\"https:\/\/moto-center.ch\/bern\/wp-content\/uploads\/sites\/3\/2025\/05\/Held_Baker_2_052521-00-001-01-1200x1200.jpg\">\n\t\t\t\t\t<figcaption class=\"text-left\">\n\t\t\t\t\t\t\t\t\t\t\t\t\t\t\t<\/figcaption>\n\t\t\t<\/figure>\n<\/div><\/div>\n<div class=\"col-xs-12 col-sm-6 col-md-6\">\n\t<div class=\"img_effects\">\n\t<figure class=\" overlay-hover\" style=\"cursor:default;--moto-overlay-var: url(https:\/\/moto-center.ch\/bern\/wp-content\/uploads\/sites\/3\/2025\/05\/Held_Baker_2_052521-00-033-02-1200x1200.jpg);\">\n\t\t<img decoding=\"async\" class=\"img-responsive\" src=\"https:\/\/moto-center.ch\/bern\/wp-content\/uploads\/sites\/3\/2025\/05\/Held_Baker_2_052521-00-033-01-1200x1200.jpg\">\n\t\t\t\t\t<figcaption class=\"text-left\">\n\t\t\t\t\t\t\t\t\t\t\t\t\t\t\t<\/figcaption>\n\t\t\t<\/figure>\n<\/div><\/div>\n\n  \t  <div class=\"fw-divider-space\" style=\"padding-top: 50px;\"><\/div>\n\t<div class=\" txt-autogen no_bg\"><h2>Held Stockton Motorradjeans \u2013 Stil trifft auf Sicherheit<\/h2><p>Die Held Stockton Motorradjeans vereint urbanes Design mit innovativer Schutztechnologie. Gefertigt aus robustem Cotton Cordura, bietet sie durch das HPA-System (Held Protector Adjustment) an den Knien maximale Sicherheit. Der gerade Schnitt und die vier Au\u00dfentaschen sorgen f\u00fcr eine stilvolle Optik und praktische Funktionalit\u00e4t \u2013 perfekt f\u00fcr den t\u00e4glichen Einsatz auf dem Motorrad. <\/p><p><strong>Highlights:<\/strong><\/p><ul><li><strong>Hochwertiges Material:<\/strong> 75% Baumwolle, 13% Polyester, 10% Polyamid, 2% Elasthan.<\/li><li><strong>Zertifizierter Schutz:<\/strong> H\u00f6henverstellbare D3O\u00ae Ghost Protektoren an den Knien und H\u00fcften (Level 1, EN 1621-1) bieten hervorragenden Aufprallschutz.  <\/li><li><strong>Komfortable Ausstattung:<\/strong> Vier Au\u00dfentaschen und ein gerader Schnitt sorgen f\u00fcr Funktionalit\u00e4t und Stil.  <\/li><li><strong>Style:<\/strong> Tolle Optik in Straight und Slim f\u00fcr Damen und Herren<\/li><li><strong>Ein Hammerpreis:<\/strong> Die Jeans kostet f\u00fcr Herren und Damen nur CHF 228.\u2013<\/li><\/ul><\/div><div class=\"col-xs-12 col-sm-3 col-md-3\">\n\t<div class=\"img_effects\">\n\t<figure class=\" overlay-hover\" style=\"cursor:default;--moto-overlay-var: url(https:\/\/moto-center.ch\/bern\/wp-content\/uploads\/sites\/3\/2025\/05\/Held_Stockton_062504-00-302-02-1200x1200.jpg);\">\n\t\t<img decoding=\"async\" class=\"img-responsive\" src=\"https:\/\/moto-center.ch\/bern\/wp-content\/uploads\/sites\/3\/2025\/05\/Held_Stockton_062504-00-302-01-1200x1200.jpg\">\n\t\t\t\t\t<figcaption class=\"text-left\">\n\t\t\t\t\t\t\t\t\t\t\t\t\t\t\t<\/figcaption>\n\t\t\t<\/figure>\n<\/div><\/div>\n<div class=\"col-xs-12 col-sm-3 col-md-3\">\n\t<div class=\"img_effects\">\n\t<figure class=\" overlay-hover\" style=\"cursor:default;--moto-overlay-var: url(https:\/\/moto-center.ch\/bern\/wp-content\/uploads\/sites\/3\/2025\/05\/Held_Stockton_062504-00-301-02-1200x1200.jpg);\">\n\t\t<img decoding=\"async\" class=\"img-responsive\" src=\"https:\/\/moto-center.ch\/bern\/wp-content\/uploads\/sites\/3\/2025\/05\/Held_Stockton_062504-00-301-01-1200x1200.jpg\">\n\t\t\t\t\t<figcaption class=\"text-left\">\n\t\t\t\t\t\t\t\t\t\t\t\t\t\t\t<\/figcaption>\n\t\t\t<\/figure>\n<\/div><\/div>\n<div class=\"col-xs-12 col-sm-3 col-md-3\">\n\t<div class=\"img_effects\">\n\t<figure class=\" overlay-hover\" style=\"cursor:default;--moto-overlay-var: url(https:\/\/moto-center.ch\/bern\/wp-content\/uploads\/sites\/3\/2025\/05\/Held_Stockton_WMS_062504-21-301-02-1200x1200.jpg);\">\n\t\t<img decoding=\"async\" class=\"img-responsive\" src=\"https:\/\/moto-center.ch\/bern\/wp-content\/uploads\/sites\/3\/2025\/05\/Held_Stockton_WMS_062504-21-301-01-1200x1200.jpg\">\n\t\t\t\t\t<figcaption class=\"text-left\">\n\t\t\t\t\t\t\t\t\t\t\t\t\t\t\t<\/figcaption>\n\t\t\t<\/figure>\n<\/div><\/div>\n<div class=\"col-xs-12 col-sm-3 col-md-3\">\n\t<div class=\"img_effects\">\n\t<figure class=\" overlay-hover\" style=\"cursor:default;--moto-overlay-var: url(https:\/\/moto-center.ch\/bern\/wp-content\/uploads\/sites\/3\/2025\/05\/Held_Stockton_WMS_062504-21-302-02-1200x1200.jpg);\">\n\t\t<img decoding=\"async\" class=\"img-responsive\" src=\"https:\/\/moto-center.ch\/bern\/wp-content\/uploads\/sites\/3\/2025\/05\/Held_Stockton_WMS_062504-21-302-01-1200x1200.jpg\">\n\t\t\t\t\t<figcaption class=\"text-left\">\n\t\t\t\t\t\t\t\t\t\t\t\t\t\t\t<\/figcaption>\n\t\t\t<\/figure>\n<\/div><\/div>\n\n  \t  <div class=\"fw-divider-space\" style=\"padding-top: 10px;\"><\/div>\n\t<div class=\"img_effects\">\n\t<figure class=\"\" style=\"cursor:default;\">\n\t\t<img decoding=\"async\" class=\"img-responsive\" src=\"https:\/\/moto-center.ch\/bern\/wp-content\/uploads\/sites\/3\/2025\/05\/Held_Baker_2_2025_Web_02-1200x800.jpg\">\n\t\t\t\t\t<figcaption class=\"text-left\">\n\t\t\t\t\t\t\t\t\t\t\t\t\t\t\t<\/figcaption>\n\t\t\t<\/figure>\n<\/div>\t\t<\/div>\n<\/div>\n\n\t\t<\/div>\n\t\t\t<\/section>\n\n<\/p>\n","protected":false},"excerpt":{"rendered":"<p>Ob auf dem Motorrad oder in der Freizeit \u2013 die Held Baker 2 bietet dir den perfekten Mix aus Sicherheit, Funktionalit\u00e4t und Stil.<\/p>\n","protected":false},"author":3,"featured_media":8964,"comment_status":"closed","ping_status":"closed","sticky":false,"template":"","format":"standard","meta":{"footnotes":""},"categories":[11,61],"tags":[],"class_list":["post-8963","post","type-post","status-publish","format-standard","has-post-thumbnail","hentry","category-moto-center-bern","category-news"],"_links":{"self":[{"href":"https:\/\/moto-center.ch\/bern\/wp-json\/wp\/v2\/posts\/8963","targetHints":{"allow":["GET"]}}],"collection":[{"href":"https:\/\/moto-center.ch\/bern\/wp-json\/wp\/v2\/posts"}],"about":[{"href":"https:\/\/moto-center.ch\/bern\/wp-json\/wp\/v2\/types\/post"}],"author":[{"embeddable":true,"href":"https:\/\/moto-center.ch\/bern\/wp-json\/wp\/v2\/users\/3"}],"replies":[{"embeddable":true,"href":"https:\/\/moto-center.ch\/bern\/wp-json\/wp\/v2\/comments?post=8963"}],"version-history":[{"count":1,"href":"https:\/\/moto-center.ch\/bern\/wp-json\/wp\/v2\/posts\/8963\/revisions"}],"predecessor-version":[{"id":8978,"href":"https:\/\/moto-center.ch\/bern\/wp-json\/wp\/v2\/posts\/8963\/revisions\/8978"}],"wp:featuredmedia":[{"embeddable":true,"href":"https:\/\/moto-center.ch\/bern\/wp-json\/wp\/v2\/media\/8964"}],"wp:attachment":[{"href":"https:\/\/moto-center.ch\/bern\/wp-json\/wp\/v2\/media?parent=8963"}],"wp:term":[{"taxonomy":"category","embeddable":true,"href":"https:\/\/moto-center.ch\/bern\/wp-json\/wp\/v2\/categories?post=8963"},{"taxonomy":"post_tag","embeddable":true,"href":"https:\/\/moto-center.ch\/bern\/wp-json\/wp\/v2\/tags?post=8963"}],"curies":[{"name":"wp","href":"https:\/\/api.w.org\/{rel}","templated":true}]}}