{"id":7369,"date":"2025-11-28T00:00:06","date_gmt":"2025-11-27T23:00:06","guid":{"rendered":"https:\/\/moto-center.ch\/bern\/?p=7369"},"modified":"2026-02-23T14:05:38","modified_gmt":"2026-02-23T13:05:38","slug":"alpinestars-tech-air-mx-airbag-system","status":"publish","type":"post","link":"https:\/\/moto-center.ch\/bern\/2025\/11\/alpinestars-tech-air-mx-airbag-system\/","title":{"rendered":"Alpinestars Tech-Air MX-Airbag System"},"content":{"rendered":"<p>\n\t<section style=\" background-image:url(https:\/\/moto-center.ch\/bern\/wp-content\/uploads\/sites\/3\/2025\/10\/Alpinestars_Tech_Air_MX_Header_1600x900px-1600x900.jpg) !important; padding-top:300px;  padding-bottom:300px; \" class=\"fw-main-row  bg_positioned container-fluid autogen\">\n\t\t<div>\n\t\t  \t\t<\/div>\n\t\t\t<\/section>\n\n\n\t<section style=\" padding-top:15px;  padding-bottom:15px; \" class=\"fw-main-row bg-bg_body container autogen\">\n\t\t<div>\n\t\t  <div class=\"fw-row\">\n\t\n<div class=\"col-xs-12 txt-autogen\">\n\t\t\t<div class=\"fw-heading fw-heading-h1\">\n\t\t<h1 class='no'>Alpinestars Tech-Air MX-Airbag System<\/h1>\t<\/div><div class=\" txt-autogen no_bg\"><h3 style=\"text-align: center;\">\u00abAlpinestars pr\u00e4sentiert das Tech-Air\u00ae MX Airbag System \u2013<br \/>die n\u00e4chste Generation des Fahrerschutzes f\u00fcr Motocross\u00bb<\/h3><p>Alpinestars, weltweit f\u00fchrend in der Entwicklung innovativer Fahrerschutzsysteme, stellt mit dem <strong>Tech-Air\u00ae MX<\/strong> ein hochentwickeltes Airbag-System speziell f\u00fcr Motocross- und Supercross-Fahrer vor. Nach jahrelanger intensiver Forschung und Entwicklung \u2013 von den ersten Tech-Air\u00ae Race Eins\u00e4tzen in der MotoGP 2003 \u00fcber Tests bei der Dakar Rallye bis hin zu Datenaufzeichnungen in AMA Supercross, Motocross und FIM MXGP \u2013 setzt Alpinestars mit diesem neuen System einen weiteren Meilenstein im Offroad-Schutz.<\/p><h3><img decoding=\"async\" class=\"size-medium wp-image-9217 alignleft\" src=\"https:\/\/moto-center.ch\/bern\/wp-content\/uploads\/sites\/3\/2025\/10\/Alpinestars_Tech-Air_MX_front-225x300.png\" alt=\"\" width=\"225\" height=\"300\" srcset=\"https:\/\/moto-center.ch\/bern\/wp-content\/uploads\/sites\/3\/2025\/10\/Alpinestars_Tech-Air_MX_front-225x300.png 225w, https:\/\/moto-center.ch\/bern\/wp-content\/uploads\/sites\/3\/2025\/10\/Alpinestars_Tech-Air_MX_front-768x1024.png 768w, https:\/\/moto-center.ch\/bern\/wp-content\/uploads\/sites\/3\/2025\/10\/Alpinestars_Tech-Air_MX_front-1152x1536.png 1152w, https:\/\/moto-center.ch\/bern\/wp-content\/uploads\/sites\/3\/2025\/10\/Alpinestars_Tech-Air_MX_front-1536x2048.png 1536w, https:\/\/moto-center.ch\/bern\/wp-content\/uploads\/sites\/3\/2025\/10\/Alpinestars_Tech-Air_MX_front-1600x2133.png 1600w, https:\/\/moto-center.ch\/bern\/wp-content\/uploads\/sites\/3\/2025\/10\/Alpinestars_Tech-Air_MX_front-1200x1600.png 1200w, https:\/\/moto-center.ch\/bern\/wp-content\/uploads\/sites\/3\/2025\/10\/Alpinestars_Tech-Air_MX_front-800x1066.png 800w, https:\/\/moto-center.ch\/bern\/wp-content\/uploads\/sites\/3\/2025\/10\/Alpinestars_Tech-Air_MX_front-400x533.png 400w, https:\/\/moto-center.ch\/bern\/wp-content\/uploads\/sites\/3\/2025\/10\/Alpinestars_Tech-Air_MX_front.png 840w\" sizes=\"(max-width: 225px) 100vw, 225px\" \/><br \/>Innovative Airbag-Technologie f\u00fcr Offroad-Eins\u00e4tze<\/h3><p>Das Tech-Air\u00ae MX wurde entwickelt, um Fahrer in den extremen Bedingungen des Motocross-Sports zuverl\u00e4ssig zu sch\u00fctzen. Ein speziell entwickelter Algorithmus erkennt St\u00fcrze in dynamischen Fahrsituationen wie Spr\u00fcngen, Rillen, Steilkurven, Whoops oder auf unebenem Terrain und l\u00f6st den Airbag in durchschnittlich <strong>40 Millisekunden<\/strong> aus. Dadurch werden R\u00fccken, Brust und Schultern mit bislang unerreichter Pr\u00e4zision gesch\u00fctzt.<\/p><\/div>\n  \t  <div class=\"fw-divider-space\" style=\"padding-top: 0px;\"><\/div>\n\t<div class=\" txt-autogen no_bg\"><h3>Kompaktes, autonomes Schutzsystem<\/h3><h3 style=\"line-height: 1.09091;\"><img decoding=\"async\" class=\"size-medium wp-image-9216 alignright\" src=\"https:\/\/moto-center.ch\/bern\/wp-content\/uploads\/sites\/3\/2025\/10\/Alpinestars_Tech-Air_MX_back-225x300.png\" alt=\"\" width=\"225\" height=\"300\" srcset=\"https:\/\/moto-center.ch\/bern\/wp-content\/uploads\/sites\/3\/2025\/10\/Alpinestars_Tech-Air_MX_back-225x300.png 225w, https:\/\/moto-center.ch\/bern\/wp-content\/uploads\/sites\/3\/2025\/10\/Alpinestars_Tech-Air_MX_back-768x1024.png 768w, https:\/\/moto-center.ch\/bern\/wp-content\/uploads\/sites\/3\/2025\/10\/Alpinestars_Tech-Air_MX_back-1152x1536.png 1152w, https:\/\/moto-center.ch\/bern\/wp-content\/uploads\/sites\/3\/2025\/10\/Alpinestars_Tech-Air_MX_back-1536x2048.png 1536w, https:\/\/moto-center.ch\/bern\/wp-content\/uploads\/sites\/3\/2025\/10\/Alpinestars_Tech-Air_MX_back-1600x2133.png 1600w, https:\/\/moto-center.ch\/bern\/wp-content\/uploads\/sites\/3\/2025\/10\/Alpinestars_Tech-Air_MX_back-1200x1600.png 1200w, https:\/\/moto-center.ch\/bern\/wp-content\/uploads\/sites\/3\/2025\/10\/Alpinestars_Tech-Air_MX_back-800x1066.png 800w, https:\/\/moto-center.ch\/bern\/wp-content\/uploads\/sites\/3\/2025\/10\/Alpinestars_Tech-Air_MX_back-400x533.png 400w, https:\/\/moto-center.ch\/bern\/wp-content\/uploads\/sites\/3\/2025\/10\/Alpinestars_Tech-Air_MX_back.png 840w\" sizes=\"(max-width: 225px) 100vw, 225px\" \/><\/h3><p>Das Tech-Air\u00ae MX ist in einen leichten Brustschutz integriert und funktioniert als vollst\u00e4ndig autonomes System \u2013 ohne externe Sensoren. Es bietet:<\/p><ul><li><strong>Drei Riding Modes<\/strong>: MX Mode (Standard), sowie individuell w\u00e4hlbare Modi wie MX Race, Enduro und Rallye \u00fcber die Tech-Air\u00ae App.<\/li><li><strong>CE-zertifizierte Protektoren<\/strong>: Passive Level 1-Protektoren auf Brust und R\u00fccken; im Airbag-Einsatz vierfach h\u00f6here Schutzwirkung.<\/li><li><strong>Robuste, praxisorientierte Bauweise<\/strong>: Atmungsaktives Stretch-Mesh f\u00fcr maximalen Tragekomfort, innovativer Nucleon PLASMA R\u00fcckenprotektor mit Wabenstruktur f\u00fcr Leichtigkeit, Ergonomie und Bel\u00fcftung.<\/li><li><strong>Einfache Handhabung<\/strong>: Aktivierung \u00fcber Magnetverschluss, Gas-Inflator-Schnellwechsel, abnehmbare ECU und Airbag f\u00fcr einfache Reinigung.<\/li><\/ul><\/div>\n  \t  <div class=\"fw-divider-space\" style=\"padding-top: 0px;\"><\/div>\n\t<div class=\" txt-autogen no_bg\"><h3><img decoding=\"async\" class=\"size-medium wp-image-9215 alignleft\" style=\"font-size: 22px; font-weight: bold;\" src=\"https:\/\/moto-center.ch\/bern\/wp-content\/uploads\/sites\/3\/2025\/10\/Alpinestars_Tech-Air_MX_aufgeblasen-300x300.png\" alt=\"\" width=\"300\" height=\"300\" srcset=\"https:\/\/moto-center.ch\/bern\/wp-content\/uploads\/sites\/3\/2025\/10\/Alpinestars_Tech-Air_MX_aufgeblasen-300x300.png 300w, https:\/\/moto-center.ch\/bern\/wp-content\/uploads\/sites\/3\/2025\/10\/Alpinestars_Tech-Air_MX_aufgeblasen-1024x1024.png 1024w, https:\/\/moto-center.ch\/bern\/wp-content\/uploads\/sites\/3\/2025\/10\/Alpinestars_Tech-Air_MX_aufgeblasen-150x150.png 150w, https:\/\/moto-center.ch\/bern\/wp-content\/uploads\/sites\/3\/2025\/10\/Alpinestars_Tech-Air_MX_aufgeblasen-768x768.png 768w, https:\/\/moto-center.ch\/bern\/wp-content\/uploads\/sites\/3\/2025\/10\/Alpinestars_Tech-Air_MX_aufgeblasen-1536x1536.png 1536w, https:\/\/moto-center.ch\/bern\/wp-content\/uploads\/sites\/3\/2025\/10\/Alpinestars_Tech-Air_MX_aufgeblasen-2048x2048.png 2048w, https:\/\/moto-center.ch\/bern\/wp-content\/uploads\/sites\/3\/2025\/10\/Alpinestars_Tech-Air_MX_aufgeblasen-1600x1600.png 1600w, https:\/\/moto-center.ch\/bern\/wp-content\/uploads\/sites\/3\/2025\/10\/Alpinestars_Tech-Air_MX_aufgeblasen-1200x1200.png 1200w, https:\/\/moto-center.ch\/bern\/wp-content\/uploads\/sites\/3\/2025\/10\/Alpinestars_Tech-Air_MX_aufgeblasen-800x800.png 800w, https:\/\/moto-center.ch\/bern\/wp-content\/uploads\/sites\/3\/2025\/10\/Alpinestars_Tech-Air_MX_aufgeblasen-400x400.png 400w, https:\/\/moto-center.ch\/bern\/wp-content\/uploads\/sites\/3\/2025\/10\/Alpinestars_Tech-Air_MX_aufgeblasen.png 840w\" sizes=\"(max-width: 300px) 100vw, 300px\" \/>Technische Eckdaten<\/h3><ul><li><strong>Betriebsdauer<\/strong>: bis zu 30 Stunden Akkulaufzeit, Ladezeit ca. 4 Stunden.<\/li><li><strong>Integriertes LED-Display<\/strong>: Anzeige von Systemstatus, Ladezustand und Riding Mode, mit USB-C Ladeanschluss.<\/li><li><strong>Bluetooth-Konnektivit\u00e4t<\/strong>: Verbindung zur Tech-Air\u00ae App f\u00fcr Firmware-Updates, Fahrdatenaufzeichnung und Systemstatus.<\/li><li><strong>Zuverl\u00e4ssigkeit<\/strong>: Zertifiziert nach ECE R10 04, funktionsf\u00e4hig von \u201310\u00b0C bis +50\u00b0C.<\/li><li><strong>Einsatzbereit:<\/strong> Der Airbag ist f\u00fcr bis zu 6 Eins\u00e4tze ausgelegt.<\/li><\/ul><\/div>\n  \t  <div class=\"fw-divider-space\" style=\"padding-top: 0px;\"><\/div>\n\t<div class=\" txt-autogen no_bg\"><h3>Verf\u00fcgbarkeit und Preis<\/h3><p>Das <strong>Alpinestars Tech-Air\u00ae MX Airbag System<\/strong> ist ab <strong>November bei uns<\/strong> f\u00fcr CHF 599.90 <strong>erh\u00e4ltlich<\/strong><\/p><\/div><div class=\"embed-container\">\n\t<iframe loading=\"lazy\" title=\"Alpinestars Tech-Air MX\" width=\"500\" height=\"281\" src=\"https:\/\/www.youtube.com\/embed\/YCvPY8ds8Uo?feature=oembed\" frameborder=\"0\" allow=\"accelerometer; autoplay; clipboard-write; encrypted-media; gyroscope; picture-in-picture; web-share\" referrerpolicy=\"strict-origin-when-cross-origin\" allowfullscreen><\/iframe><\/div>\n\n\t\t<\/div>\n<\/div>\n\n\t\t<\/div>\n\t\t\t<\/section>\n\n<\/p>\n","protected":false},"excerpt":{"rendered":"<p>Jetzt bei uns: Das Alpinestars Tech-Air\u00ae MX ist ein hochmodernes Airbag-System, das exklusiv f\u00fcr Motocross und Supercross entwickelt wurde.<\/p>\n","protected":false},"author":3,"featured_media":9214,"comment_status":"closed","ping_status":"closed","sticky":false,"template":"","format":"standard","meta":{"footnotes":""},"categories":[11,61],"tags":[],"class_list":["post-7369","post","type-post","status-publish","format-standard","has-post-thumbnail","hentry","category-moto-center-bern","category-news"],"_links":{"self":[{"href":"https:\/\/moto-center.ch\/bern\/wp-json\/wp\/v2\/posts\/7369","targetHints":{"allow":["GET"]}}],"collection":[{"href":"https:\/\/moto-center.ch\/bern\/wp-json\/wp\/v2\/posts"}],"about":[{"href":"https:\/\/moto-center.ch\/bern\/wp-json\/wp\/v2\/types\/post"}],"author":[{"embeddable":true,"href":"https:\/\/moto-center.ch\/bern\/wp-json\/wp\/v2\/users\/3"}],"replies":[{"embeddable":true,"href":"https:\/\/moto-center.ch\/bern\/wp-json\/wp\/v2\/comments?post=7369"}],"version-history":[{"count":4,"href":"https:\/\/moto-center.ch\/bern\/wp-json\/wp\/v2\/posts\/7369\/revisions"}],"predecessor-version":[{"id":9335,"href":"https:\/\/moto-center.ch\/bern\/wp-json\/wp\/v2\/posts\/7369\/revisions\/9335"}],"wp:featuredmedia":[{"embeddable":true,"href":"https:\/\/moto-center.ch\/bern\/wp-json\/wp\/v2\/media\/9214"}],"wp:attachment":[{"href":"https:\/\/moto-center.ch\/bern\/wp-json\/wp\/v2\/media?parent=7369"}],"wp:term":[{"taxonomy":"category","embeddable":true,"href":"https:\/\/moto-center.ch\/bern\/wp-json\/wp\/v2\/categories?post=7369"},{"taxonomy":"post_tag","embeddable":true,"href":"https:\/\/moto-center.ch\/bern\/wp-json\/wp\/v2\/tags?post=7369"}],"curies":[{"name":"wp","href":"https:\/\/api.w.org\/{rel}","templated":true}]}}