{"id":7080,"date":"2021-03-22T11:15:36","date_gmt":"2021-03-22T10:15:36","guid":{"rendered":"https:\/\/moto-center.ch\/bern\/?p=7080"},"modified":"2021-03-22T11:16:20","modified_gmt":"2021-03-22T10:16:20","slug":"1-hilfe-sets-im-ueberblick","status":"publish","type":"post","link":"https:\/\/moto-center.ch\/bern\/2021\/03\/1-hilfe-sets-im-ueberblick\/","title":{"rendered":"1. Hilfe Sets im \u00dcberblick"},"content":{"rendered":"\n\t<section style=\" padding-top:155px;  padding-bottom:15px; \" class=\"fw-main-row bg-bg_body container autogen\">\n\t\t<div>\n\t\t  <div class=\"fw-row\">\n\t\n<div class=\"col-xs-12 col-sm-9 col-md-9 txt-autogen\">\n\t\t\t<div class=\"img_effects\">\n\t<figure class=\"\" style=\"cursor:default;\">\n\t\t<img decoding=\"async\" class=\"img-responsive\" src=\"https:\/\/moto-center.ch\/bern\/wp-content\/uploads\/sites\/3\/2021\/03\/Erste_Hilfe_Uebersicht-1200x675.jpg\">\n\t\t\t\t\t<figcaption class=\"text-left\">\n\t\t\t\t\t\t\t\t\t\t\t\t\t\t\t<\/figcaption>\n\t\t\t<\/figure>\n<\/div>\n  \t  <div class=\"fw-divider-space\" style=\"padding-top: 25px;\"><\/div>\n\t<div class=\"fw-heading fw-heading-h1\">\n\t\t<h1 class='inner bg_gray_lighter txt_gray_darker'> Erste Hilfe Sets im \u00dcberblick\t<\/h1>\t<\/div><div class=\" txt-autogen no_bg\"><p>Die Erste-Hilfe-Sets sind heutzuage meistens genormt. Somit gilt f\u00fcr fast alle Produkte die DIN Norm 13167. Die Produkte unterscheiden sich nur noch in der Verpackung und Gr\u00f6sse. Es ist unbestritten, dass diese Reiseapotheke in keinem Motorrad fehlen darf. In gewissen L\u00e4ndern ist eine Reiseapotheke sogar obligatorisch (z.B. Albanien, \u00d6sterreich, Rum\u00e4nien). Sie ist speziell f\u00fcr Motorradfahrer gepackt und enth\u00e4lt in der platzsparenden Verpackung alles, was Biker im Notfall ben\u00f6tigen. Neben einem Pflastersortiment, Verb\u00e4nden, Verbandsp\u00e4ckchen, einem Verbandtuch und Einmalhandschuhen sind auch Schere, Rettungsdecke, Reinigungst\u00fccher und eine Erste-Hilfe-Anleitung in der kompakten, wasserabweisenden oder eingeschweisten Tasche untergebracht. Das Erste-Hilfe-Set kann unter dem Sitz, in einem Seitenkoffer\/Topcase des Motorrads oder einem Rucksack komfortabel und griffbereit transportiert werden.<\/p><\/div>\n\n<div class=\"al_200 row carousel\" data-flickity='{ \"imagesLoaded\": true, \"wrapAround\": true }'>\n\t\n\t\t\n\t<div class=\"carousel-cell col-xs-12   col-md-4 pdr-10 pdl-10\">\n\t\t<div class=\" bg- no-inner-padding\">\n\t\t\t<figure class=\"\">\n\t\t\t  \t\t\t\t    <img decoding=\"async\" src=\"https:\/\/moto-center.ch\/bern\/wp-content\/uploads\/sites\/3\/2021\/03\/Held_Erste_Hilfe-400x400.jpg\" height=\"400\" width=\"400\" class=\"img-responsive\">\t\t\t    \t\t\t    <figcaption>\t\t\n\t\t\t\t<h5 class=\"entry-title  def\">Held<\/h5 ><div class=\" def txt-autogen\"><p><strong>Material<\/strong>:<br \/>verschwei\u00dfte N\u00e4hte<br \/>wasserdicht, Tarpaulin, beschichtet<\/p><p><strong>Gr\u00f6sse:<\/strong><br \/>14 x 16 x 5 cm<\/p><p>Erf\u00fcllt die DIN-Norm 13167 f\u00fcr Motorrad-Verbandsk\u00e4sten.<\/p><\/div><a href=\"https:\/\/moto-center.payrexx.com\/de\/pay?tid=e4fa447f\" target=\"_blank\"  style=\"min-width: 50%\" class=\"btn btn-sm btn-primary none\"><span>Preis CHF 19.\u2013<\/span><\/a>\t\t\t\t\n\t\t\t\t <\/figcaption>\n\t\t\t    \t\t\t<\/figure>\n\t\t<\/div>\n\t<\/div>\n\n\t\n\t<div class=\"carousel-cell col-xs-12   col-md-4 pdr-10 pdl-10\">\n\t\t<div class=\" bg- no-inner-padding\">\n\t\t\t<figure class=\"\">\n\t\t\t  \t\t\t\t    <img decoding=\"async\" src=\"https:\/\/moto-center.ch\/bern\/wp-content\/uploads\/sites\/3\/2021\/03\/BMW_Erste_Hilfe_klein-400x400.jpg\" height=\"400\" width=\"400\" class=\"img-responsive\">\t\t\t    \t\t\t    <figcaption>\t\t\n\t\t\t\t<h5 class=\"entry-title  def\">BMW KLEIN<\/h5 ><div class=\" def txt-autogen\"><p><strong>Material:<\/strong><br \/>Wasserabweisendes Rei\u00dfverschluss-Nylonetui<\/p><p><strong>Gr\u00f6sse:<\/strong><br \/>135 x 90 x 20 mm<\/p><p>Entspricht nicht der DIN-Norm f\u00fcr Motorrad-Verbandsk\u00e4sten.<\/p><\/div><a href=\"https:\/\/moto-center.payrexx.com\/de\/pay?tid=e4fa447f\" target=\"_blank\"  style=\"min-width: 50%\" class=\"btn btn-sm btn-primary none\"><span>Preis: CHF 11.\u2013<\/span><\/a>\t\t\t\t\n\t\t\t\t <\/figcaption>\n\t\t\t    \t\t\t<\/figure>\n\t\t<\/div>\n\t<\/div>\n\n\t\n\t<div class=\"carousel-cell col-xs-12   col-md-4 pdr-10 pdl-10\">\n\t\t<div class=\" bg- no-inner-padding\">\n\t\t\t<figure class=\"\">\n\t\t\t  \t\t\t\t    <img decoding=\"async\" src=\"https:\/\/moto-center.ch\/bern\/wp-content\/uploads\/sites\/3\/2021\/03\/BMW_Erste_Hilfe_gross-400x400.jpg\" height=\"400\" width=\"400\" class=\"img-responsive\">\t\t\t    \t\t\t    <figcaption>\t\t\n\t\t\t\t<h5 class=\"entry-title  def\">BMW GROSS<\/h5 ><div class=\" def txt-autogen\"><p><strong>Material:<\/strong><br \/>Wasserabweisendes Rei\u00dfverschluss-Nylonetui<\/p><p><strong>Gr\u00f6sse:<\/strong><br \/>15 x 11 x 6 cm<\/p><p>Erf\u00fcllt die DIN-Norm 13167 f\u00fcr Motorrad-Verbandsk\u00e4sten.<\/p><\/div><a href=\"https:\/\/moto-center.payrexx.com\/de\/pay?tid=e4fa447f\" target=\"_blank\"  style=\"min-width: 50%\" class=\"btn btn-sm btn-primary none\"><span>Preis: CHF 25.\u2013<\/span><\/a>\t\t\t\t\n\t\t\t\t <\/figcaption>\n\t\t\t    \t\t\t<\/figure>\n\t\t<\/div>\n\t<\/div>\n\n\t\n\t<div class=\"carousel-cell col-xs-12   col-md-4 pdr-10 pdl-10\">\n\t\t<div class=\" bg- no-inner-padding\">\n\t\t\t<figure class=\"\">\n\t\t\t  \t\t\t\t    <img decoding=\"async\" src=\"https:\/\/moto-center.ch\/bern\/wp-content\/uploads\/sites\/3\/2021\/03\/MCT_Erste_Hilfe-400x400.jpg\" height=\"400\" width=\"400\" class=\"img-responsive\">\t\t\t    \t\t\t    <figcaption>\t\t\n\t\t\t\t<h5 class=\"entry-title  def\">MOTO-CENTER BERN<\/h5 ><div class=\" def txt-autogen\"><p><strong>Material:<\/strong><br \/>wasserabweisendes Nylongewebe, mit Rei\u00dfverschluss gen\u00e4ht<\/p><p><strong>Gr\u00f6sse:<\/strong><br \/>15 x 5 x 10 cm<\/p><p>Erf\u00fcllt die DIN-Norm 13167 f\u00fcr Motorrad-Verbandsk\u00e4sten.<\/p><\/div><a href=\"https:\/\/moto-center.payrexx.com\/de\/pay?tid=e4fa447f\" target=\"_blank\"  style=\"min-width: 50%\" class=\"btn btn-sm btn-primary none\"><span>Preis: CHF 9.90<\/span><\/a>\t\t\t\t\n\t\t\t\t <\/figcaption>\n\t\t\t    \t\t\t<\/figure>\n\t\t<\/div>\n\t<\/div>\n\n\n<\/div>\n\n  \t  <div class=\"fw-divider-space\" style=\"padding-top: 25px;\"><\/div>\n\t<div class=\" txt-autogen no_bg\"><h3>Inhaltsverzeichnis nach DIN 13167<\/h3><\/div><div class=\"fw-table\">\n\t<table class=\"table\">\n\t\t\t\t\t\t\t\t\t<thead>\n\t\t\t\t\t<tr class=\"heading-row\">\n\t\t\t\t\t\t\t\t\t\t\t\t\t<th class=\"default-col\">\n\t\t\t\t\t\t\t\tMenge\t\t\t\t\t\t\t<\/th>\n\t\t\t\t\t\t\t\t\t\t\t\t\t<th class=\"default-col\">\n\t\t\t\t\t\t\t\tBezeichnung\t\t\t\t\t\t\t<\/th>\n\t\t\t\t\t\t\t\t\t\t\t<\/tr>\n\t\t\t\t<\/thead>\n\t\t\t\t\t\t\t\t\t\t\t\t<tr class=\"default-row\">\n\t\t\t\t\t\t\t\t\t\t\t<td class=\"default-col\">\n\t\t\t\t\t\t\t1\t\t\t\t\t\t<\/td>\n\t\t\t\t\t\t\t\t\t\t\t<td class=\"default-col\">\n\t\t\t\t\t\t\tHeftpflasterspule mit Ring DIN 13019-A 5 m x 2,5 cm \t\t\t\t\t\t<\/td>\n\t\t\t\t\t\t\t\t\t<\/tr>\n\t\t\t\t\t\t\t\t\t\t\t\t<tr class=\"default-row\">\n\t\t\t\t\t\t\t\t\t\t\t<td class=\"default-col\">\n\t\t\t\t\t\t\t1\t\t\t\t\t\t<\/td>\n\t\t\t\t\t\t\t\t\t\t\t<td class=\"default-col\">\n\t\t\t\t\t\t\t14-teiliges Pflasterset, bestehend aus:<br>\r\n4 Wundschnellverband DIN 13019-E 10 cm x 6 cm<br>\r\n2 Fingerkuppenverb\u00e4nde<br>\r\n2 Fingerverb\u00e4nde 12 cm x 2 cm<br>\r\n2 Pflasterstrips 1,9 cm x 7,2 cm<br>\r\n4 Pflasterstrips 2,5 cm x 7,2 cm\t\t\t\t\t\t<\/td>\n\t\t\t\t\t\t\t\t\t<\/tr>\n\t\t\t\t\t\t\t\t\t\t\t\t<tr class=\"default-row\">\n\t\t\t\t\t\t\t\t\t\t\t<td class=\"default-col\">\n\t\t\t\t\t\t\t1\t\t\t\t\t\t<\/td>\n\t\t\t\t\t\t\t\t\t\t\t<td class=\"default-col\">\n\t\t\t\t\t\t\tVerbandp\u00e4ckchen DIN 13151-M, steril \t\t\t\t\t\t<\/td>\n\t\t\t\t\t\t\t\t\t<\/tr>\n\t\t\t\t\t\t\t\t\t\t\t\t<tr class=\"default-row\">\n\t\t\t\t\t\t\t\t\t\t\t<td class=\"default-col\">\n\t\t\t\t\t\t\t1\t\t\t\t\t\t<\/td>\n\t\t\t\t\t\t\t\t\t\t\t<td class=\"default-col\">\n\t\t\t\t\t\t\tVerbandp\u00e4ckchen DIN 13151-G, steril \t\t\t\t\t\t<\/td>\n\t\t\t\t\t\t\t\t\t<\/tr>\n\t\t\t\t\t\t\t\t\t\t\t\t<tr class=\"default-row\">\n\t\t\t\t\t\t\t\t\t\t\t<td class=\"default-col\">\n\t\t\t\t\t\t\t1\t\t\t\t\t\t<\/td>\n\t\t\t\t\t\t\t\t\t\t\t<td class=\"default-col\">\n\t\t\t\t\t\t\tVerbandtuch 13152-A, 60 cm x 80 cm, steril \t\t\t\t\t\t<\/td>\n\t\t\t\t\t\t\t\t\t<\/tr>\n\t\t\t\t\t\t\t\t\t\t\t\t<tr class=\"default-row\">\n\t\t\t\t\t\t\t\t\t\t\t<td class=\"default-col\">\n\t\t\t\t\t\t\t1\t\t\t\t\t\t<\/td>\n\t\t\t\t\t\t\t\t\t\t\t<td class=\"default-col\">\n\t\t\t\t\t\t\tRettungsdecke 210 x 160 cm silber\/gold \t\t\t\t\t\t<\/td>\n\t\t\t\t\t\t\t\t\t<\/tr>\n\t\t\t\t\t\t\t\t\t\t\t\t<tr class=\"default-row\">\n\t\t\t\t\t\t\t\t\t\t\t<td class=\"default-col\">\n\t\t\t\t\t\t\t1\t\t\t\t\t\t<\/td>\n\t\t\t\t\t\t\t\t\t\t\t<td class=\"default-col\">\n\t\t\t\t\t\t\tSchere DIN 58279-A 145 \t\t\t\t\t\t<\/td>\n\t\t\t\t\t\t\t\t\t<\/tr>\n\t\t\t\t\t\t\t\t\t\t\t\t<tr class=\"default-row\">\n\t\t\t\t\t\t\t\t\t\t\t<td class=\"default-col\">\n\t\t\t\t\t\t\t1\t\t\t\t\t\t<\/td>\n\t\t\t\t\t\t\t\t\t\t\t<td class=\"default-col\">\n\t\t\t\t\t\t\tBtl. \u00e1 4 St\u00fcck Vinylhandschuhe nach DIN EN 455 \t\t\t\t\t\t<\/td>\n\t\t\t\t\t\t\t\t\t<\/tr>\n\t\t\t\t\t\t\t\t\t\t\t\t<tr class=\"default-row\">\n\t\t\t\t\t\t\t\t\t\t\t<td class=\"default-col\">\n\t\t\t\t\t\t\t1\t\t\t\t\t\t<\/td>\n\t\t\t\t\t\t\t\t\t\t\t<td class=\"default-col\">\n\t\t\t\t\t\t\tFeuchtt\u00fccher zur Reinigung unverletzter Haut \t\t\t\t\t\t<\/td>\n\t\t\t\t\t\t\t\t\t<\/tr>\n\t\t\t\t\t\t\t\t\t\t\t\t<tr class=\"default-row\">\n\t\t\t\t\t\t\t\t\t\t\t<td class=\"default-col\">\n\t\t\t\t\t\t\t1\t\t\t\t\t\t<\/td>\n\t\t\t\t\t\t\t\t\t\t\t<td class=\"default-col\">\n\t\t\t\t\t\t\tAnleitung zur Ersten Hilfe bei Unf\u00e4llen \t\t\t\t\t\t<\/td>\n\t\t\t\t\t\t\t\t\t<\/tr>\n\t\t\t\t\t\t\t\t\t\t\t\t<tr class=\"default-row\">\n\t\t\t\t\t\t\t\t\t\t\t<td class=\"default-col\">\n\t\t\t\t\t\t\t1\t\t\t\t\t\t<\/td>\n\t\t\t\t\t\t\t\t\t\t\t<td class=\"default-col\">\n\t\t\t\t\t\t\tInhaltsverzeichnis\t\t\t\t\t\t<\/td>\n\t\t\t\t\t\t\t\t\t<\/tr>\n\t\t\t\t\t\t<\/table>\n<\/div><div class=\" txt-autogen no_bg\"><p>Hinweis: Pflasterartikel sollten j\u00e4hrlich auf Klebbarkeit \u00fcberpr\u00fcft werden.<br \/>Haltbarkeit: Unser 1. Hilfe Set ist ab Produktionsdatum 5 Jahre haltbar.<\/p><h4>Ablauf<\/h4><ol><li>Bestelle <a href=\"https:\/\/moto-center.payrexx.com\/de\/pay?tid=e4fa447f\" target=\"_blank\" rel=\"noopener\">gleich hier online<\/a>.<\/li><li>Nach dem Zahlungseingang werden wir den Artikel versenden oder beim Lieferanten bestellen.<\/li><li>Du kriegst danach eine Best\u00e4tigung mit einem Versandtermin per E-Mail.<\/li><\/ol><\/div>\n  \t  <div class=\"fw-divider-space\" style=\"padding-top: 25px;\"><\/div>\n\t<a href=\"https:\/\/moto-center.payrexx.com\/de\/pay?tid=e4fa447f\" target=\"_blank\" style=\" min-width: 50%;font-size:25px;\"\t\tclass=\"btn btn-sm btn-transition txt-darker  txt-hover-primary btn-bg-primary btn-border-darker btn-bg-hover-darker btn-border-hover-primary  none\">\n\t<span>Hier online kaufen<\/span>\n<\/a>\n  \t  <div class=\"fw-divider-space\" style=\"padding-top: 25px;\"><\/div>\n\t\t\t<\/div>\n\n<div class=\"col-xs-12 col-sm-3 col-md-3 txt-autogen\">\n\t\t\t<div class=\"shortcode-widget-area\">\n\t\t<aside id=\"recent-posts-3\" class=\"widget widget_recent_entries wrapper-4 inner bg-inner wrapper-4 bg-lighter\">\n\t\t<h4 class=\"widget-title\">Neueste Beitr\u00e4ge<\/h4>\n\t\t<ul>\n\t\t\t\t\t\t\t\t\t\t\t<li>\n\t\t\t\t\t<a href=\"https:\/\/moto-center.ch\/bern\/2026\/03\/moto-news-2026-ist-da\/\">Moto-News 2026 ist da<\/a>\n\t\t\t\t\t\t\t\t\t<\/li>\n\t\t\t\t\t\t\t\t\t\t\t<li>\n\t\t\t\t\t<a href=\"https:\/\/moto-center.ch\/bern\/2026\/02\/alpinestars-techair-offroad-airbag-jetzt-verfuegbar\/\">Alpinestars TechAir Offroad Airbag jetzt verf\u00fcgbar<\/a>\n\t\t\t\t\t\t\t\t\t<\/li>\n\t\t\t\t\t\t\t\t\t\t\t<li>\n\t\t\t\t\t<a href=\"https:\/\/moto-center.ch\/bern\/2026\/02\/neu-kaffee-und-tee-bar-in-bern-mit-gemuetlicher-sitzecke-neu-geschenkartikel-boutique-denise\/\">Neu Geschenkartikel Boutique Denise<\/a>\n\t\t\t\t\t\t\t\t\t<\/li>\n\t\t\t\t\t\t\t\t\t\t\t<li>\n\t\t\t\t\t<a href=\"https:\/\/moto-center.ch\/bern\/2025\/11\/alpinestars-tech-air-mx-airbag-system\/\">Alpinestars Tech-Air MX-Airbag System<\/a>\n\t\t\t\t\t\t\t\t\t<\/li>\n\t\t\t\t\t\t\t\t\t\t\t<li>\n\t\t\t\t\t<a href=\"https:\/\/moto-center.ch\/bern\/2025\/10\/25-rabatt-auf-bmw-systemhelm-7-evo\/\">25% Rabatt auf BMW Systemhelm 7 Evo<\/a>\n\t\t\t\t\t\t\t\t\t<\/li>\n\t\t\t\t\t\t\t\t\t\t\t<li>\n\t\t\t\t\t<a href=\"https:\/\/moto-center.ch\/bern\/2025\/05\/furygan-urban-collection\/\">Furygan Urban Collection<\/a>\n\t\t\t\t\t\t\t\t\t<\/li>\n\t\t\t\t\t\t\t\t\t\t\t<li>\n\t\t\t\t\t<a href=\"https:\/\/moto-center.ch\/bern\/2025\/05\/die-geilste-funktionsbekleidung-im-2025\/\">Die geilste Funktionsbekleidung im 2025!<\/a>\n\t\t\t\t\t\t\t\t\t<\/li>\n\t\t\t\t\t\t\t\t\t\t\t<li>\n\t\t\t\t\t<a href=\"https:\/\/moto-center.ch\/bern\/2025\/05\/modische-retro-jacke-und-jeans-fuer-den-alltag\/\">Modische Retro-Jacke und Jeans f\u00fcr den Alltag<\/a>\n\t\t\t\t\t\t\t\t\t<\/li>\n\t\t\t\t\t\t\t\t\t\t\t<li>\n\t\t\t\t\t<a href=\"https:\/\/moto-center.ch\/bern\/2025\/04\/aio-5-play-fuer-deine-bmw-car-play-jetzt-fuer-deine-bmw\/\">AIO-5 Play f\u00fcr deine BMW &#8211; Car Play jetzt f\u00fcr deine BMW<\/a>\n\t\t\t\t\t\t\t\t\t<\/li>\n\t\t\t\t\t\t\t\t\t\t\t<li>\n\t\t\t\t\t<a href=\"https:\/\/moto-center.ch\/bern\/2025\/01\/verkaeuferin\/\">Verk\u00e4uferin 60-80%<\/a>\n\t\t\t\t\t\t\t\t\t<\/li>\n\t\t\t\t\t<\/ul>\n\n\t\t<\/aside><aside id=\"tag_cloud-2\" class=\"widget widget_tag_cloud wrapper-4 inner bg-inner wrapper-4 bg-lighter\"><h4 class=\"widget-title\">Kategorien<\/h4><div class=\"tagcloud\"><a href=\"https:\/\/moto-center.ch\/bern\/category\/jobs\/\" class=\"tag-cloud-link tag-link-9 tag-link-position-1\" style=\"font-size: 8pt;\" aria-label=\"Jobs (1\u00a0Eintrag)\">Jobs<\/a>\n<a href=\"https:\/\/moto-center.ch\/bern\/category\/moto-center-bern\/\" class=\"tag-cloud-link tag-link-11 tag-link-position-2\" style=\"font-size: 22pt;\" aria-label=\"Moto-Center Bern (19\u00a0Eintr\u00e4ge)\">Moto-Center Bern<\/a>\n<a href=\"https:\/\/moto-center.ch\/bern\/category\/news\/\" class=\"tag-cloud-link tag-link-61 tag-link-position-3\" style=\"font-size: 22pt;\" aria-label=\"News (19\u00a0Eintr\u00e4ge)\">News<\/a><\/div>\n<\/aside><aside id=\"search-3\" class=\"widget widget_search wrapper-4 inner bg-inner wrapper-4 bg-lighter\"><h4 class=\"widget-title\">Suche<\/h4><form class=\"form-inline\" action=\"https:\/\/moto-center.ch\/bern\/\">\n  <div class=\"form-group\">\n    <label class=\"sr-only\" for=\"search\">Search<\/label>\n    <div class=\"input-group\">\n      <input type=\"text\" class=\"form-control\" name=\"s\" placeholder=\"...\" id=\"search\" value=\"\" \/>\n      \n      <div class=\"input-group-addon\"><i class=\"fa-solid fa-magnifying-glass\"><\/i><\/div>\n    <\/div>\n  <\/div>\n<\/form><\/aside><\/div>\n\t\t<\/div>\n<\/div>\n\n\t\t<\/div>\n\t\t\t<\/section>\n\n\n","protected":false},"excerpt":{"rendered":"<p>Wer viel unterwegs ist, sollte eine dabei haben. Eine Reiseapotheke macht Sinn und hilft im Notfall. Solltest du noch keine haben, unbedingt nachholen!<\/p>\n","protected":false},"author":3,"featured_media":7083,"comment_status":"closed","ping_status":"open","sticky":false,"template":"","format":"standard","meta":{"footnotes":""},"categories":[11,61],"tags":[],"class_list":["post-7080","post","type-post","status-publish","format-standard","has-post-thumbnail","hentry","category-moto-center-bern","category-news"],"_links":{"self":[{"href":"https:\/\/moto-center.ch\/bern\/wp-json\/wp\/v2\/posts\/7080","targetHints":{"allow":["GET"]}}],"collection":[{"href":"https:\/\/moto-center.ch\/bern\/wp-json\/wp\/v2\/posts"}],"about":[{"href":"https:\/\/moto-center.ch\/bern\/wp-json\/wp\/v2\/types\/post"}],"author":[{"embeddable":true,"href":"https:\/\/moto-center.ch\/bern\/wp-json\/wp\/v2\/users\/3"}],"replies":[{"embeddable":true,"href":"https:\/\/moto-center.ch\/bern\/wp-json\/wp\/v2\/comments?post=7080"}],"version-history":[{"count":4,"href":"https:\/\/moto-center.ch\/bern\/wp-json\/wp\/v2\/posts\/7080\/revisions"}],"predecessor-version":[{"id":7092,"href":"https:\/\/moto-center.ch\/bern\/wp-json\/wp\/v2\/posts\/7080\/revisions\/7092"}],"wp:featuredmedia":[{"embeddable":true,"href":"https:\/\/moto-center.ch\/bern\/wp-json\/wp\/v2\/media\/7083"}],"wp:attachment":[{"href":"https:\/\/moto-center.ch\/bern\/wp-json\/wp\/v2\/media?parent=7080"}],"wp:term":[{"taxonomy":"category","embeddable":true,"href":"https:\/\/moto-center.ch\/bern\/wp-json\/wp\/v2\/categories?post=7080"},{"taxonomy":"post_tag","embeddable":true,"href":"https:\/\/moto-center.ch\/bern\/wp-json\/wp\/v2\/tags?post=7080"}],"curies":[{"name":"wp","href":"https:\/\/api.w.org\/{rel}","templated":true}]}}