{"id":6652,"date":"2020-11-15T21:53:40","date_gmt":"2020-11-15T20:53:40","guid":{"rendered":"https:\/\/moto-center.ch\/bern\/?p=6652"},"modified":"2020-12-03T11:18:07","modified_gmt":"2020-12-03T10:18:07","slug":"held-evest-airbag-weste","status":"publish","type":"post","link":"https:\/\/moto-center.ch\/bern\/2020\/11\/held-evest-airbag-weste\/","title":{"rendered":"Held eVest Airbag Weste"},"content":{"rendered":"<p>\n\t<section style=\" background-image:url(https:\/\/moto-center.ch\/bern\/wp-content\/uploads\/sites\/3\/2020\/12\/Held_eVest_Header-1600x458.jpg) !important; padding-top:270px;  padding-bottom:285px; \" class=\"fw-main-row  bg_positioned container-fluid autogen\">\n\t\t<div>\n\t\t  \t\t<\/div>\n\t\t\t<\/section>\n\n\n\t<section style=\" padding-top:15px;  padding-bottom:15px; \" class=\"fw-main-row bg-darker container-fluid autogen\">\n\t\t<div class=\" container\">\n\t\t  <div class=\"fw-row\">\n\t\n<div class=\"col-xs-12 txt-autogen\">\n\t\t\t<div class=\"fw-heading fw-heading-h1\">\n\t\t<h1 class='no'> Held airbag weste \u00abeVest\u00bb\t<\/h1>\t<\/div><div class=\" txt-autogen no_bg\"><p>Die neue Held \u00abeVest\u00bb-Weiterentwicklung ist da. Dank des Front-Reissverschlusses kann die Airbag-Weste nun universell unter jeder g\u00e4ngigen Motorradjacke getragen werden. Zus\u00e4tzlich ist die eVest mit Clip-in Befestigungsaufnahmen ausgestattet, die es erm\u00f6glichen die Weste auch nach wie vor in jede kompatible Held Jacke dauerhaft zu integrieren. Dass Airbag-Westen einen echten Mehrwert haben, ist kein Geheimnis. Ein Testszenario des ADAC und des \u00d6AMTC haben gezeigt, dass Airbag-Westen vor groben Verletzungen sch\u00fctzen k\u00f6nnen.<\/p><h3>Held eVest: Keine Befestigung am Motorrad n\u00f6tig<\/h3><p>Ausgestattet mit der Intelligent Protection System (IPS) Technologie powered by In&amp;motion m\u00fcssen f\u00fcr den Einsatz der eVest weder Sensoren am Motorrad verbaut, noch eine Verbindung zwischen Weste und Motorrad hergestellt werden. Die komplette Hardund Software ist bereits im Kleidungsst\u00fcck enthalten.<\/p><p>Die Airbag-Weste besteht aus sehr leichtem, elastischem Sensitiv-Mesh Aussenmaterial. F\u00fcr eine optimale Atmungsaktivit\u00e4t sorgen seitliche Mesh-Eins\u00e4tze sowie ein 3D Air-Mesh Futter am R\u00fccken. Ein R\u00fcckenprotektor aus visco-elastischem Weichschaum ist serienm\u00e4ssig in der Weste enthalten, Brust- und Rippenprotektoren k\u00f6nnen bei Bedarf nachger\u00fcstet werden.<\/p><h3>Selbstst\u00e4ndige Ausl\u00f6sung des Airbags dank Sensoren<\/h3><p>Im R\u00fcckenprotektor integriert ist die Gaspatrone f\u00fcr die Bef\u00fcllung des Airbags. In das Hartschalenelement am R\u00fcckenteil der Weste wird die In&amp;box, das Steuermodul der eVest, installiert. Die In&amp;box ist das Gehirn der Airbag-Weste. In ihr arbeitet der intelligente Algorithmus, der 1000-mal pro Sekunde mittels eingebauter Sensoren Beschleunigung und Position des Bikers bestimmt und in einer Unfallsituation den Airbag in Sekundenbruchteilen ausl\u00f6st [DETECT].<\/p><p>In einer Unfallsituation bl\u00e4st sich das Airbag-Kissen in weniger als 60 Millisekunden mit dem optimalen Druck auf, um die Aufprallenergie zu absorbieren, den K\u00f6rper des Tr\u00e4gers zu stabilisieren, Verletzungen der Wirbels\u00e4ule zu vermeiden und die lebenswichtigen Organe zu sch\u00fctzen [PROTECT].<\/p><p>Dank der von der In&amp;Box gesammelten Daten, kann In&amp;motion das System und die Erkennungsstrategie regelm\u00e4ssig verbessern [PERFECT]. Die Datenfreigabe ist optional und vom Erhalt von Updates unabh\u00e4ngig.<br \/>Kauf- und Leasingoptionen f\u00fcr die Software<\/p><p>Die In&amp;box ist im Lieferumfang der eVest enthalten und nach Erstinbetriebnahme f\u00fcr 48 Stunden einsatzbereit. F\u00fcr die dauerhafte Funktionsf\u00e4higkeit der eVest muss die In&amp;box durch eine Mitgliedschaft bei In&amp;motion (www.inemotion.com) aktiviert werden. Es steht eine Kaufoption (Klassisch) und eine Leasingoption (Revolution) zur Auswahl.<\/p><\/div><div class=\"img_effects\">\n\t<figure class=\"\" style=\"cursor:default;\">\n\t\t<img decoding=\"async\" class=\"img-responsive\" src=\"https:\/\/moto-center.ch\/bern\/wp-content\/uploads\/sites\/3\/2020\/12\/Held_eVest_Product-1200x600.jpg\">\n\t\t\t\t\t<figcaption class=\"text-left\">\n\t\t\t\t\t\t\t\t\t\t\t\t\t\t\t<\/figcaption>\n\t\t\t<\/figure>\n<\/div><div class=\" txt-autogen no_bg\"><h3>In&amp;motion Kauf-\/Leihoptionen<\/h3><\/div><div class=\"fw-table\">\n\t<table class=\"table\">\n\t\t\t\t\t\t\t\t\t<thead>\n\t\t\t\t\t<tr class=\"heading-row\">\n\t\t\t\t\t\t\t\t\t\t\t\t\t<th class=\"default-col\">\n\t\t\t\t\t\t\t\tOption\t\t\t\t\t\t\t<\/th>\n\t\t\t\t\t\t\t\t\t\t\t\t\t<th class=\"default-col\">\n\t\t\t\t\t\t\t\t Regul\u00e4r (kaufen) \t\t\t\t\t\t\t<\/th>\n\t\t\t\t\t\t\t\t\t\t\t\t\t<th class=\"default-col\">\n\t\t\t\t\t\t\t\t Revolution (leihen) \t\t\t\t\t\t\t<\/th>\n\t\t\t\t\t\t\t\t\t\t\t<\/tr>\n\t\t\t\t<\/thead>\n\t\t\t\t\t\t\t\t\t\t\t\t<tr class=\"default-row\">\n\t\t\t\t\t\t\t\t\t\t\t<td class=\"default-col\">\n\t\t\t\t\t\t\tin&box \t\t\t\t\t\t<\/td>\n\t\t\t\t\t\t\t\t\t\t\t<td class=\"default-col\">\n\t\t\t\t\t\t\t geh\u00f6rt dir \t\t\t\t\t\t<\/td>\n\t\t\t\t\t\t\t\t\t\t\t<td class=\"default-col\">\n\t\t\t\t\t\t\tbei in&motion geliehen \t\t\t\t\t\t<\/td>\n\t\t\t\t\t\t\t\t\t<\/tr>\n\t\t\t\t\t\t\t\t\t\t\t\t<tr class=\"default-row\">\n\t\t\t\t\t\t\t\t\t\t\t<td class=\"default-col\">\n\t\t\t\t\t\t\tVertrag \t\t\t\t\t\t<\/td>\n\t\t\t\t\t\t\t\t\t\t\t<td class=\"default-col\">\n\t\t\t\t\t\t\tWeiterverkauf m\u00f6glich \t\t\t\t\t\t<\/td>\n\t\t\t\t\t\t\t\t\t\t\t<td class=\"default-col\">\n\t\t\t\t\t\t\tjederzeit k\u00fcndbar \t\t\t\t\t\t<\/td>\n\t\t\t\t\t\t\t\t\t<\/tr>\n\t\t\t\t\t\t\t\t\t\t\t\t<tr class=\"default-row\">\n\t\t\t\t\t\t\t\t\t\t\t<td class=\"default-col\">\n\t\t\t\t\t\t\tUpdates \t\t\t\t\t\t<\/td>\n\t\t\t\t\t\t\t\t\t\t\t<td class=\"default-col\">\n\t\t\t\t\t\t\tJa\t\t\t\t\t\t<\/td>\n\t\t\t\t\t\t\t\t\t\t\t<td class=\"default-col\">\n\t\t\t\t\t\t\tJa\t\t\t\t\t\t<\/td>\n\t\t\t\t\t\t\t\t\t<\/tr>\n\t\t\t\t\t\t\t\t\t\t\t\t<tr class=\"default-row\">\n\t\t\t\t\t\t\t\t\t\t\t<td class=\"default-col\">\n\t\t\t\t\t\t\tSmartphone App \t\t\t\t\t\t<\/td>\n\t\t\t\t\t\t\t\t\t\t\t<td class=\"default-col\">\n\t\t\t\t\t\t\tJa\t\t\t\t\t\t<\/td>\n\t\t\t\t\t\t\t\t\t\t\t<td class=\"default-col\">\n\t\t\t\t\t\t\tJa\t\t\t\t\t\t<\/td>\n\t\t\t\t\t\t\t\t\t<\/tr>\n\t\t\t\t\t\t\t\t\t\t\t\t<tr class=\"default-row\">\n\t\t\t\t\t\t\t\t\t\t\t<td class=\"default-col\">\n\t\t\t\t\t\t\tGarantie \t\t\t\t\t\t<\/td>\n\t\t\t\t\t\t\t\t\t\t\t<td class=\"default-col\">\n\t\t\t\t\t\t\t2 Jahre\t\t\t\t\t\t<\/td>\n\t\t\t\t\t\t\t\t\t\t\t<td class=\"default-col\">\n\t\t\t\t\t\t\t unbegrenzt (Nutzungsdauer) \t\t\t\t\t\t<\/td>\n\t\t\t\t\t\t\t\t\t<\/tr>\n\t\t\t\t\t\t\t\t\t\t\t\t<tr class=\"default-row\">\n\t\t\t\t\t\t\t\t\t\t\t<td class=\"default-col\">\n\t\t\t\t\t\t\tKundenservice\t\t\t\t\t\t<\/td>\n\t\t\t\t\t\t\t\t\t\t\t<td class=\"default-col\">\n\t\t\t\t\t\t\tJa\t\t\t\t\t\t<\/td>\n\t\t\t\t\t\t\t\t\t\t\t<td class=\"default-col\">\n\t\t\t\t\t\t\tJa\t\t\t\t\t\t<\/td>\n\t\t\t\t\t\t\t\t\t<\/tr>\n\t\t\t\t\t\t\t\t\t\t\t\t<tr class=\"default-row\">\n\t\t\t\t\t\t\t\t\t\t\t<td class=\"default-col\">\n\t\t\t\t\t\t\t VIP Service\u00b9 \t\t\t\t\t\t<\/td>\n\t\t\t\t\t\t\t\t\t\t\t<td class=\"default-col\">\n\t\t\t\t\t\t\tNein\t\t\t\t\t\t<\/td>\n\t\t\t\t\t\t\t\t\t\t\t<td class=\"default-col\">\n\t\t\t\t\t\t\tJa\t\t\t\t\t\t<\/td>\n\t\t\t\t\t\t\t\t\t<\/tr>\n\t\t\t\t\t\t\t\t\t\t\t\t<tr class=\"default-row\">\n\t\t\t\t\t\t\t\t\t\t\t<td class=\"default-col\">\n\t\t\t\t\t\t\t Upgrade (auf neueste in&box Generation) \t\t\t\t\t\t<\/td>\n\t\t\t\t\t\t\t\t\t\t\t<td class=\"default-col\">\n\t\t\t\t\t\t\tNein\t\t\t\t\t\t<\/td>\n\t\t\t\t\t\t\t\t\t\t\t<td class=\"default-col\">\n\t\t\t\t\t\t\talle 3 Jahre\t\t\t\t\t\t<\/td>\n\t\t\t\t\t\t\t\t\t<\/tr>\n\t\t\t\t\t\t\t\t\t\t\t\t<tr class=\"default-row\">\n\t\t\t\t\t\t\t\t\t\t\t<td class=\"default-col\">\n\t\t\t\t\t\t\t Preis \t\t\t\t\t\t<\/td>\n\t\t\t\t\t\t\t\t\t\t\t<td class=\"default-col\">\n\t\t\t\t\t\t\tCHF 398.\u2013<sup>3<\/sup>\t\t\t\t\t\t\t<\/td>\n\t\t\t\t\t\t\t\t\t\t\t<td class=\"default-col\">\n\t\t\t\t\t\t\t12,00 \u20ac \/ Monat oder 120,00 \u20ac \/Jahr \t\t\t\t\t\t<\/td>\n\t\t\t\t\t\t\t\t\t<\/tr>\n\t\t\t\t\t\t\t\t\t\t\t\t<tr class=\"default-row\">\n\t\t\t\t\t\t\t\t\t\t\t<td class=\"default-col\">\n\t\t\t\t\t\t\t Kaufoption \t\t\t\t\t\t<\/td>\n\t\t\t\t\t\t\t\t\t\t\t<td class=\"default-col\">\n\t\t\t\t\t\t\t-\t\t\t\t\t\t<\/td>\n\t\t\t\t\t\t\t\t\t\t\t<td class=\"default-col\">\n\t\t\t\t\t\t\t99,00 \u20ac (nach 3 Jahren) \t\t\t\t\t\t<\/td>\n\t\t\t\t\t\t\t\t\t<\/tr>\n\t\t\t\t\t\t\t\t\t\t\t\t<tr class=\"default-row\">\n\t\t\t\t\t\t\t\t\t\t\t<td class=\"default-col\">\n\t\t\t\t\t\t\t Track-Modus (optional)\u00b2 \t\t\t\t\t\t<\/td>\n\t\t\t\t\t\t\t\t\t\t\t<td class=\"default-col\">\n\t\t\t\t\t\t\t8,00 \u20ac \/ Monat oder 25,00 \u20ac \/ Jahr \t\t\t\t\t\t<\/td>\n\t\t\t\t\t\t\t\t\t\t\t<td class=\"default-col\">\n\t\t\t\t\t\t\t8,00 \u20ac \/ Monat oder 25,00 \u20ac \/ Jahr \t\t\t\t\t\t<\/td>\n\t\t\t\t\t\t\t\t\t<\/tr>\n\t\t\t\t\t\t<\/table>\n<\/div><div class=\" txt-autogen no_bg\"><p>\u00b9: Engagierte Hotline. Du hast ein Problem mit deiner in&amp;box? Erhalte so schnell es geht eine neue. \u00b2: F\u00e4hrst du auf der Rennstrecke? Auch hier unterst\u00fctzt dich die in&amp;motion Technologie. <sup>3<\/sup>: in Schweizer Franken. Alle anderen Preise sind herstellerbedingt in \u20ac.<\/p><p><strong>Lieferumfang<\/strong><\/p><ul><li>1x eVest<\/li><li>1x In&amp;box Steuermodul ( In&amp;box ist nach Erstaktivierung f\u00fcr 48 Stunden aktiv und muss anschlie\u00dfend separat \u00fcber In&amp;motion registriert und aktiviert werden, was mit zus\u00e4tzlichen Kosten verbunden ist)<\/li><\/ul><p><strong>Sicherheit<\/strong><\/p><ul><li>R\u00fcckenprotektor, zertifiziert nach EN 1621-2:2014<\/li><li>Rippenprotektorentasche zur nachtr\u00e4glichen Ausr\u00fcstung mit Art. 9316<\/li><li>Klett f\u00fcr nachr\u00fcstbaren Brustprotektor Chest Art. 9280 \/ 9784<\/li><li>Hartschalenelemente am R\u00fccken<\/li><li>Intelligent Protection System (IPS) Airbag-Technologie powered by In&amp;motion<\/li><\/ul><p><strong>Komfort\/Ausstattung<\/strong><\/p><ul><li>Stretchmaterial<\/li><li>Held Clip-in Technology<\/li><li>Front-Rei\u00dfverschluss<\/li><\/ul><p><strong>Futter<\/strong><\/p><ul><li>3D Air-Mesh Einsatz am R\u00fccken<\/li><\/ul><p><strong>Material<\/strong><\/p><ul><li>Mesh-Eins\u00e4tze f\u00fcr verbesserte Atmungsaktivit\u00e4t<\/li><\/ul><p><strong>Gr\u00f6ssen<\/strong><\/p><ul><li>S-3XL<\/li><\/ul><\/div><div class=\"embed-container\">\n\t<iframe loading=\"lazy\" title=\"Held eVest - Produktvideo [DE]\" width=\"500\" height=\"281\" src=\"https:\/\/www.youtube.com\/embed\/0vzdR2miyeU?feature=oembed\" frameborder=\"0\" allow=\"accelerometer; autoplay; clipboard-write; encrypted-media; gyroscope; picture-in-picture; web-share\" referrerpolicy=\"strict-origin-when-cross-origin\" allowfullscreen><\/iframe><\/div>\n\n\t\t<\/div>\n<\/div>\n\n\t\t<\/div>\n\t\t\t<\/section>\n\n\n\t<section style=\" background-image:url(https:\/\/moto-center.ch\/bern\/wp-content\/uploads\/sites\/3\/2020\/12\/Held_eVest_Emotions-1600x458.jpg) !important; padding-top:250px;  padding-bottom:250px; \" class=\"fw-main-row  bg_positioned container-fluid autogen\">\n\t\t<div>\n\t\t  \t\t<\/div>\n\t\t\t<\/section>\n\n<\/p>\n","protected":false},"excerpt":{"rendered":"<p>Held legt nach und bringt im September dieses Jahres mit der eVest die Weiterentwicklung der erfolgreichen eVest Clip-in auf den Markt.<\/p>\n","protected":false},"author":3,"featured_media":6649,"comment_status":"closed","ping_status":"open","sticky":false,"template":"","format":"standard","meta":{"footnotes":""},"categories":[11,61],"tags":[],"class_list":["post-6652","post","type-post","status-publish","format-standard","has-post-thumbnail","hentry","category-moto-center-bern","category-news"],"_links":{"self":[{"href":"https:\/\/moto-center.ch\/bern\/wp-json\/wp\/v2\/posts\/6652","targetHints":{"allow":["GET"]}}],"collection":[{"href":"https:\/\/moto-center.ch\/bern\/wp-json\/wp\/v2\/posts"}],"about":[{"href":"https:\/\/moto-center.ch\/bern\/wp-json\/wp\/v2\/types\/post"}],"author":[{"embeddable":true,"href":"https:\/\/moto-center.ch\/bern\/wp-json\/wp\/v2\/users\/3"}],"replies":[{"embeddable":true,"href":"https:\/\/moto-center.ch\/bern\/wp-json\/wp\/v2\/comments?post=6652"}],"version-history":[{"count":4,"href":"https:\/\/moto-center.ch\/bern\/wp-json\/wp\/v2\/posts\/6652\/revisions"}],"predecessor-version":[{"id":6668,"href":"https:\/\/moto-center.ch\/bern\/wp-json\/wp\/v2\/posts\/6652\/revisions\/6668"}],"wp:featuredmedia":[{"embeddable":true,"href":"https:\/\/moto-center.ch\/bern\/wp-json\/wp\/v2\/media\/6649"}],"wp:attachment":[{"href":"https:\/\/moto-center.ch\/bern\/wp-json\/wp\/v2\/media?parent=6652"}],"wp:term":[{"taxonomy":"category","embeddable":true,"href":"https:\/\/moto-center.ch\/bern\/wp-json\/wp\/v2\/categories?post=6652"},{"taxonomy":"post_tag","embeddable":true,"href":"https:\/\/moto-center.ch\/bern\/wp-json\/wp\/v2\/tags?post=6652"}],"curies":[{"name":"wp","href":"https:\/\/api.w.org\/{rel}","templated":true}]}}